{"id":213,"date":"2017-01-15T22:43:41","date_gmt":"2017-01-15T22:43:41","guid":{"rendered":"http:\/\/buecherei-bernkastel-wehlen.de\/?p=213"},"modified":"2017-01-15T22:43:41","modified_gmt":"2017-01-15T22:43:41","slug":"fastnachtsdienstag-dienstag-28-02-2017-geschlossen","status":"publish","type":"post","link":"https:\/\/buecherei-bernkastel-wehlen.de\/?p=213","title":{"rendered":"Fastnachtsdienstag &#8211; Dienstag 28.02.2017 &#8211; geschlossen"},"content":{"rendered":"<p>Am Fastnachtsdienstag 28. Februar 2017 bleibt die B\u00fccherei geschlossen, damit alle kr\u00e4ftig feiern k\u00f6nnen.<\/p>\n<p>&nbsp;<\/p>\n<p>&nbsp;<\/p>\n","protected":false},"excerpt":{"rendered":"<p>Am Fastnachtsdienstag 28. Februar 2017 bleibt die B\u00fccherei geschlossen, damit alle kr\u00e4ftig feiern k\u00f6nnen. &nbsp; &nbsp;<\/p>\n","protected":false},"author":1,"featured_media":0,"comment_status":"closed","ping_status":"open","sticky":false,"template":"","format":"standard","meta":{"footnotes":""},"categories":[5],"tags":[],"class_list":["post-213","post","type-post","status-publish","format-standard","hentry","category-oeffnungszeiten"],"_links":{"self":[{"href":"https:\/\/buecherei-bernkastel-wehlen.de\/index.php?rest_route=\/wp\/v2\/posts\/213","targetHints":{"allow":["GET"]}}],"collection":[{"href":"https:\/\/buecherei-bernkastel-wehlen.de\/index.php?rest_route=\/wp\/v2\/posts"}],"about":[{"href":"https:\/\/buecherei-bernkastel-wehlen.de\/index.php?rest_route=\/wp\/v2\/types\/post"}],"author":[{"embeddable":true,"href":"https:\/\/buecherei-bernkastel-wehlen.de\/index.php?rest_route=\/wp\/v2\/users\/1"}],"replies":[{"embeddable":true,"href":"https:\/\/buecherei-bernkastel-wehlen.de\/index.php?rest_route=%2Fwp%2Fv2%2Fcomments&post=213"}],"version-history":[{"count":1,"href":"https:\/\/buecherei-bernkastel-wehlen.de\/index.php?rest_route=\/wp\/v2\/posts\/213\/revisions"}],"predecessor-version":[{"id":214,"href":"https:\/\/buecherei-bernkastel-wehlen.de\/index.php?rest_route=\/wp\/v2\/posts\/213\/revisions\/214"}],"wp:attachment":[{"href":"https:\/\/buecherei-bernkastel-wehlen.de\/index.php?rest_route=%2Fwp%2Fv2%2Fmedia&parent=213"}],"wp:term":[{"taxonomy":"category","embeddable":true,"href":"https:\/\/buecherei-bernkastel-wehlen.de\/index.php?rest_route=%2Fwp%2Fv2%2Fcategories&post=213"},{"taxonomy":"post_tag","embeddable":true,"href":"https:\/\/buecherei-bernkastel-wehlen.de\/index.php?rest_route=%2Fwp%2Fv2%2Ftags&post=213"}],"curies":[{"name":"wp","href":"https:\/\/api.w.org\/{rel}","templated":true}]}}